{"id":2338,"date":"2022-04-28T20:52:53","date_gmt":"2022-04-28T18:52:53","guid":{"rendered":"https:\/\/art4real.de\/wp\/?p=2338"},"modified":"2022-04-28T20:52:53","modified_gmt":"2022-04-28T18:52:53","slug":"87-vom-umzug-vom-neuen-podcast-einem-anstehenden-release-und-auftritten-hallo-2022","status":"publish","type":"post","link":"https:\/\/art4real.de\/wp\/2022\/04\/87-vom-umzug-vom-neuen-podcast-einem-anstehenden-release-und-auftritten-hallo-2022\/","title":{"rendered":"#87 Vom Umzug, vom neuen Podcast, einem anstehenden Release und Auftritten \u2026 Hallo 2022!"},"content":{"rendered":"<h3>Wieder da, oder auch nicht (ganz)<\/h3>\n<p>Lang, lang ist es her, dass hier was passiert ist. Zumindest online. In der Zwischenzeit hat sich doch einiges getan. Seit Dezember ist das Studio eingepackt und noch nicht wieder ausgepackt, da die neue Bleibe noch versch\u00f6nert werden muss. D.h. die Renovierungsarbeiten werden sich noch etwas ziehen. Die neuen R\u00e4umlichkeiten im Sommer schon nutzen zu k\u00f6nnen, w\u00e4re optimistisch. Realistisch ist eher der Herbst. Wir warten mal ab und halten euch auf dem Laufenden\u2026.<\/p>\n<h3>\u201eSomebody called me\u201c Podcast<\/h3>\n<figure id=\"attachment_2282\" aria-describedby=\"caption-attachment-2282\" style=\"width: 200px\" class=\"wp-caption alignleft\"><a href=\"https:\/\/open.spotify.com\/show\/55GvQ281UyxOKuubQTzmL8?si=943b33e9364d4aa8\"><img decoding=\"async\" class=\"wp-image-2282\" src=\"https:\/\/art4real.de\/wp\/wp-content\/uploads\/2021\/04\/2021-04-26-SCM-Cover_1000px-300x300.jpg\" alt=\"\" width=\"200\" height=\"200\" srcset=\"https:\/\/art4real.de\/wp\/wp-content\/uploads\/2021\/04\/2021-04-26-SCM-Cover_1000px-300x300.jpg 300w, https:\/\/art4real.de\/wp\/wp-content\/uploads\/2021\/04\/2021-04-26-SCM-Cover_1000px-150x150.jpg 150w, https:\/\/art4real.de\/wp\/wp-content\/uploads\/2021\/04\/2021-04-26-SCM-Cover_1000px-768x768.jpg 768w, https:\/\/art4real.de\/wp\/wp-content\/uploads\/2021\/04\/2021-04-26-SCM-Cover_1000px.jpg 1000w\" sizes=\"(max-width: 200px) 100vw, 200px\" \/><\/a><figcaption id=\"caption-attachment-2282\" class=\"wp-caption-text\">Somebody Called me &#8211; Podcast mit Chris und Minari<\/figcaption><\/figure>\n<p>Bastian Minari und DJ Soulclap haben mittlerweile ihren 20ten Podcast online, der sich wachsender Beliebtheit erfreut. Auch wenn die beiden mich beim letzten Mal ordentlich ver\u00e4ppelt haben, schalte ich aus Protest erst bei Folge 22 wieder ein \ud83d\ude09 \u2026 Wer mal reinhlren mag, kann das gerne hier tun.<\/p>\n<p><a href=\"https:\/\/open.spotify.com\/show\/55GvQ281UyxOKuubQTzmL8?si=943b33e9364d4aa8\">https:\/\/open.spotify.com\/show\/55GvQ281UyxOKuubQTzmL8?si=943b33e9364d4aa8<\/a><\/p>\n<p>Auf allen anderen Plattformen k\u00f6nnt ihr den Podcast auch h\u00f6ren.<\/p>\n<h3>Nazifrei in den Mai am 30.4.22 in Bielefeld<\/h3>\n<p><strong>Cut Spencer, Clish\u00e9 und Mad Cap<\/strong> sind am <strong>Samstag, den 30.4.22 ab 18 Uhr<\/strong> live auf dem Bielefelder Kesselbrink zu sehen und zu h\u00f6ren. Wir sehen uns dort!<\/p>\n<h3>Albino mit Master Al an neuem Album dran<\/h3>\n<figure id=\"attachment_1136\" aria-describedby=\"caption-attachment-1136\" style=\"width: 300px\" class=\"wp-caption alignleft\"><img fetchpriority=\"high\" decoding=\"async\" class=\"size-medium wp-image-1136\" src=\"https:\/\/art4real.de\/wp\/wp-content\/uploads\/2018\/01\/Albino-MasterAl-1-web-300x169.jpg\" alt=\"\" width=\"300\" height=\"169\" srcset=\"https:\/\/art4real.de\/wp\/wp-content\/uploads\/2018\/01\/Albino-MasterAl-1-web-300x169.jpg 300w, https:\/\/art4real.de\/wp\/wp-content\/uploads\/2018\/01\/Albino-MasterAl-1-web-768x432.jpg 768w, https:\/\/art4real.de\/wp\/wp-content\/uploads\/2018\/01\/Albino-MasterAl-1-web-1024x576.jpg 1024w, https:\/\/art4real.de\/wp\/wp-content\/uploads\/2018\/01\/Albino-MasterAl-1-web.jpg 1920w\" sizes=\"(max-width: 300px) 100vw, 300px\" \/><figcaption id=\"caption-attachment-1136\" class=\"wp-caption-text\">Albino &amp; Master Al (2018)<\/figcaption><\/figure>\n<p>Seit einiger Zeit t\u00fcfteln die beiden Rapper an einem neuen Album. Wir halten euch auf dem Laufenden, wann es erscheinen wird.<\/p>\n<p>&nbsp;<\/p>\n<p>&nbsp;<\/p>\n<p>Bis bald \u2013 Art 4 Real<\/p>\n<p>&nbsp;<\/p>\n<p>&nbsp;<\/p>\n","protected":false},"excerpt":{"rendered":"<p>Wieder da, oder auch nicht (ganz) Lang, lang ist es her, dass hier was passiert ist. Zumindest online. In der<\/p>\n","protected":false},"author":1,"featured_media":2339,"comment_status":"open","ping_status":"open","sticky":false,"template":"","format":"standard","meta":{"footnotes":""},"categories":[1,3,5,14,2,6,36,7,16],"tags":[348,47,88,51,87,159,96,123,187,143,83,48,46,280],"class_list":["post-2338","post","type-post","status-publish","format-standard","has-post-thumbnail","hentry","category-allgemein","category-artists","category-bastian-minari","category-events","category-label","category-madcap","category-news","category-releases","category-termine","tag-albinio","tag-art-4-real","tag-bastian-minari","tag-bielefeld","tag-braunschweig","tag-clishe","tag-clishe-mc","tag-cut-spencer","tag-hamburg","tag-kiel","tag-live","tag-mad-cap","tag-master-al","tag-soulclap"],"_links":{"self":[{"href":"https:\/\/art4real.de\/wp\/wp-json\/wp\/v2\/posts\/2338","targetHints":{"allow":["GET"]}}],"collection":[{"href":"https:\/\/art4real.de\/wp\/wp-json\/wp\/v2\/posts"}],"about":[{"href":"https:\/\/art4real.de\/wp\/wp-json\/wp\/v2\/types\/post"}],"author":[{"embeddable":true,"href":"https:\/\/art4real.de\/wp\/wp-json\/wp\/v2\/users\/1"}],"replies":[{"embeddable":true,"href":"https:\/\/art4real.de\/wp\/wp-json\/wp\/v2\/comments?post=2338"}],"version-history":[{"count":1,"href":"https:\/\/art4real.de\/wp\/wp-json\/wp\/v2\/posts\/2338\/revisions"}],"predecessor-version":[{"id":2340,"href":"https:\/\/art4real.de\/wp\/wp-json\/wp\/v2\/posts\/2338\/revisions\/2340"}],"wp:featuredmedia":[{"embeddable":true,"href":"https:\/\/art4real.de\/wp\/wp-json\/wp\/v2\/media\/2339"}],"wp:attachment":[{"href":"https:\/\/art4real.de\/wp\/wp-json\/wp\/v2\/media?parent=2338"}],"wp:term":[{"taxonomy":"category","embeddable":true,"href":"https:\/\/art4real.de\/wp\/wp-json\/wp\/v2\/categories?post=2338"},{"taxonomy":"post_tag","embeddable":true,"href":"https:\/\/art4real.de\/wp\/wp-json\/wp\/v2\/tags?post=2338"}],"curies":[{"name":"wp","href":"https:\/\/api.w.org\/{rel}","templated":true}]}}